{"id":149,"date":"2024-11-12T18:55:46","date_gmt":"2024-11-12T21:55:46","guid":{"rendered":"https:\/\/www.tegcont.com.br\/blog\/?p=149"},"modified":"2024-11-14T10:50:38","modified_gmt":"2024-11-14T13:50:38","slug":"o-valor-do-inss-sobre-pro-labore-passara-por-alteracoes-em-2024","status":"publish","type":"post","link":"https:\/\/www.tegcont.com.br\/blog\/2024\/11\/12\/o-valor-do-inss-sobre-pro-labore-passara-por-alteracoes-em-2024\/","title":{"rendered":"O valor do INSS sobre pr\u00f3-labore passar\u00e1 por altera\u00e7\u00f5es em 2024"},"content":{"rendered":"\n<p>Em 2024, o valor do INSS sobre o pr\u00f3-labore passou por altera\u00e7\u00f5es devido ao reajuste do sal\u00e1rio m\u00ednimo no Brasil. Apesar de o percentual de recolhimento previdenci\u00e1rio permanecer inalterado, o montante a ser recolhido em reais sofreu modifica\u00e7\u00f5es.<\/p>\n\n\n\n<p>O aumento do sal\u00e1rio m\u00ednimo, que subiu de R$ 1.320 para R$ 1.412 a partir de 1\u00ba de janeiro de 2024, impacta diretamente o c\u00e1lculo do pr\u00f3-labore. Isso ocorre porque, embora o percentual de contribui\u00e7\u00e3o previdenci\u00e1ria dos propriet\u00e1rios de neg\u00f3cios que exercem fun\u00e7\u00f5es em suas empresas n\u00e3o tenha mudado, o valor final a ser pago em reais foi ajustado.<\/p>\n\n\n\n<p>Para esclarecer a rela\u00e7\u00e3o entre o sal\u00e1rio m\u00ednimo e o pr\u00f3-labore, \u00e9 importante lembrar que o pr\u00f3-labore funciona como um sal\u00e1rio fixo mensal para empreendedores que trabalham na pr\u00f3pria empresa. Em outras palavras, se voc\u00ea \u00e9 propriet\u00e1rio de uma empresa e ocupa uma posi\u00e7\u00e3o efetiva nela, \u00e9 necess\u00e1rio retirar seu pr\u00f3-labore mensalmente.<\/p>\n\n\n\n<p>A Lei 6.404\/76, que regula as Sociedades por A\u00e7\u00f5es, n\u00e3o estabelece um valor espec\u00edfico para pagamento aos propriet\u00e1rios que atuam em suas empresas, mas determina que n\u00e3o pode ser inferior ao sal\u00e1rio m\u00ednimo vigente. Portanto, a cada reajuste do sal\u00e1rio m\u00ednimo, o valor do INSS sobre o pr\u00f3-labore tamb\u00e9m \u00e9 afetado. \u00c9 precisamente essa mudan\u00e7a que estamos observando em 2024.<\/p>\n\n\n\n<p>Entretanto, o reajuste do sal\u00e1rio m\u00ednimo n\u00e3o \u00e9 a \u00fanica altera\u00e7\u00e3o que pode influenciar esse pagamento. Para entender todas as nuances e poss\u00edveis mudan\u00e7as que impactam o pr\u00f3-labore em 2024, confira as informa\u00e7\u00f5es detalhadas neste artigo!<\/p>\n\n\n\n<p>O pr\u00f3-labore \u00e9 a remunera\u00e7\u00e3o que a empresa paga aos s\u00f3cios que trabalham efetivamente nela. S\u00f3cios sem cargos ativos n\u00e3o recebem pr\u00f3-labore, apenas participam na divis\u00e3o dos lucros.<\/p>\n\n\n\n<p>O pagamento do pr\u00f3-labore permite que o empreendedor realize seu recolhimento previdenci\u00e1rio, garantindo acesso a benef\u00edcios como:<\/p>\n\n\n\n<ul class=\"wp-block-list\">\n<li>Aposentadoria;<\/li>\n\n\n\n<li>Aux\u00edlio-doen\u00e7a;<\/li>\n\n\n\n<li>Aux\u00edlio-acidente;<\/li>\n\n\n\n<li>Sal\u00e1rio-maternidade;<\/li>\n\n\n\n<li>Pens\u00e3o por morte para dependentes.<\/li>\n<\/ul>\n\n\n\n<p>Os impostos que incidem sobre o pr\u00f3-labore incluem:<\/p>\n\n\n\n<ol class=\"wp-block-list\">\n<li><strong>INSS (Instituto Nacional do Seguro Social)<\/strong>: Essencial para garantir os benef\u00edcios previdenci\u00e1rios listados.<\/li>\n\n\n\n<li><strong>IR (Imposto de Renda)<\/strong>: Aplicado conforme a tabela progressiva da Receita Federal, variando de acordo com o valor recebido.<\/li>\n<\/ol>\n\n\n\n<p>Esses tributos garantem que os s\u00f3cios trabalhadores estejam segurados e cumpram suas obriga\u00e7\u00f5es fiscais.<\/p>\n\n\n<div class=\"wp-block-image\">\n<figure class=\"alignleft size-full is-resized\"><img loading=\"lazy\" decoding=\"async\" width=\"480\" height=\"320\" src=\"https:\/\/www.tegcont.com.br\/blog\/wp-content\/uploads\/2024\/11\/11062b_736c37f67d274109a4e377d4bbbd3d9amv2-1.webp\" alt=\"\" class=\"wp-image-152\" style=\"width:534px;height:auto\" srcset=\"https:\/\/www.tegcont.com.br\/blog\/wp-content\/uploads\/2024\/11\/11062b_736c37f67d274109a4e377d4bbbd3d9amv2-1.webp 480w, https:\/\/www.tegcont.com.br\/blog\/wp-content\/uploads\/2024\/11\/11062b_736c37f67d274109a4e377d4bbbd3d9amv2-1-300x200.webp 300w\" sizes=\"auto, (max-width: 480px) 100vw, 480px\" \/><\/figure>\n<\/div>\n\n\n<h3 class=\"wp-block-heading\">Percentuais de INSS sobre Pr\u00f3-Labore \u2014 Simples Nacional<\/h3>\n\n\n\n<p>Para empresas que optam pelo Simples Nacional, as regras de contribui\u00e7\u00e3o ao INSS sobre o pr\u00f3-labore s\u00e3o determinadas pelo enquadramento das atividades empresariais:<\/p>\n\n\n\n<ul class=\"wp-block-list\">\n<li><strong>Regra Geral<\/strong>: N\u00e3o h\u00e1 custos diretos com o INSS sobre o pr\u00f3-labore.<\/li>\n\n\n\n<li><strong>Anexo IV<\/strong>:\n<ul class=\"wp-block-list\">\n<li>A empresa \u00e9 obrigada a recolher 20% sobre o valor bruto do pr\u00f3-labore atrav\u00e9s da Guia da Previd\u00eancia Social (GPS).<\/li>\n\n\n\n<li>Al\u00e9m disso, o s\u00f3cio tem uma reten\u00e7\u00e3o de 11% sobre o valor bruto da remunera\u00e7\u00e3o.<\/li>\n<\/ul>\n<\/li>\n<\/ul>\n\n\n\n<p>Para empresas n\u00e3o enquadradas no Anexo IV, apenas os 11% do pr\u00f3-labore ser\u00e3o retidos para o s\u00f3cio pela sua participa\u00e7\u00e3o nas atividades da empresa.<\/p>\n\n\n\n<h3 class=\"wp-block-heading\">Suporte Cont\u00e1bil e Administrativo<\/h3>\n\n\n\n<p>A&nbsp;<strong>Teg Cont<\/strong>&nbsp;oferece servi\u00e7os especializados em rotinas cont\u00e1beis com foco em qualidade e seguran\u00e7a. Com expertise em gest\u00e3o financeira, cont\u00e1bil e administrativa, a Teg Cont est\u00e1 dedicada a apoiar pequenos e micro neg\u00f3cios, englobando empreendedores aut\u00f4nomos e profissionais liberais.<\/p>\n\n\n\n<h3 class=\"wp-block-heading\">Percentuais de INSS sobre Pr\u00f3-Labore \u2014 Lucro Presumido<\/h3>\n\n\n\n<p>Para empresas que operam sob o regime tribut\u00e1rio do Lucro Presumido, a contribui\u00e7\u00e3o ao INSS sobre o pr\u00f3-labore \u00e9 estruturada da seguinte maneira:<\/p>\n\n\n\n<ul class=\"wp-block-list\">\n<li><strong>Empresa<\/strong>: Deve pagar 20% sobre o valor do pr\u00f3-labore para o INSS.<\/li>\n\n\n\n<li><strong>S\u00f3cios<\/strong>: Devem contribuir com 11% sobre o valor bruto do pr\u00f3-labore.<\/li>\n<\/ul>\n\n\n\n<p>Esses percentuais garantem que tanto a empresa quanto os s\u00f3cios estejam em conformidade com as obriga\u00e7\u00f5es previdenci\u00e1rias, assegurando os direitos aos benef\u00edcios do INSS.<\/p>\n\n\n\n<h3 class=\"wp-block-heading\">Considera\u00e7\u00f5es sobre Percentuais de INSS e IR sobre Pr\u00f3-Labore<\/h3>\n\n\n\n<h4 class=\"wp-block-heading\">INSS sobre Pr\u00f3-Labore<\/h4>\n\n\n\n<p>Ao calcular o pr\u00f3-labore, h\u00e1 um ponto crucial a ser observado: a contribui\u00e7\u00e3o de 11% retida para a previd\u00eancia social pela parte do s\u00f3cio \u00e9 fixa e obrigat\u00f3ria. Esse valor deve ser calculado independentemente do valor pago, mas deve sempre respeitar o teto de contribui\u00e7\u00e3o do INSS, que atualmente \u00e9 de R$ 7.507,49.<\/p>\n\n\n\n<h4 class=\"wp-block-heading\">Imposto de Renda sobre Pr\u00f3-Labore<\/h4>\n\n\n\n<p>Para o Imposto de Renda, o empreendedor deve seguir a tabela progressiva da Receita Federal ao fazer sua declara\u00e7\u00e3o. Para 2024, as al\u00edquotas e parcelas dedut\u00edveis s\u00e3o definidas conforme a seguinte tabela:<\/p>\n\n\n\n<figure class=\"wp-block-table\"><table class=\"has-fixed-layout\"><thead><tr><th>Base de C\u00e1lculo (R$)<\/th><th>Al\u00edquota (%)<\/th><th>Parcela a Deduzir do IR (R$)<\/th><\/tr><\/thead><tbody><tr><td>At\u00e9 2.112,00<\/td><td>zero<\/td><td>zero<\/td><\/tr><tr><td>De 2.112,01 at\u00e9 2.826,65<\/td><td>7,5<\/td><td>158,40<\/td><\/tr><tr><td>De 2.826,66 at\u00e9 3.751,05<\/td><td>15<\/td><td>370,40<\/td><\/tr><tr><td>De 3.751,06 at\u00e9 4.664,68<\/td><td>22,5<\/td><td>651,73<\/td><\/tr><tr><td>Acima de 4.664,68<\/td><td>27,5<\/td><td>884,96<\/td><\/tr><\/tbody><\/table><\/figure>\n\n\n\n<p>\u00c9 importante lembrar que a declara\u00e7\u00e3o do Imposto de Renda de Pessoa F\u00edsica (IRPF) \u00e9 diferente da Declara\u00e7\u00e3o de Imposto de Renda de Pessoa Jur\u00eddica (IRPJ). Cada tipo de declara\u00e7\u00e3o tem suas pr\u00f3prias regras e obriga\u00e7\u00f5es, que devem ser devidamente seguidas para garantir conformidade fiscal.<\/p>\n\n\n\n<h3 class=\"wp-block-heading\">Altera\u00e7\u00f5es no Pr\u00f3-Labore para 2024<\/h3>\n\n\n\n<p>As mudan\u00e7as no pr\u00f3-labore para 2024 est\u00e3o diretamente ligadas ao aumento do sal\u00e1rio m\u00ednimo nacional, que serve como base de c\u00e1lculo para essa remunera\u00e7\u00e3o. Embora n\u00e3o tenha havido altera\u00e7\u00e3o nos percentuais de contribui\u00e7\u00e3o previdenci\u00e1ria, o aumento do sal\u00e1rio m\u00ednimo resulta em um ajuste no valor final retido para o INSS.<\/p>\n\n\n\n<h4 class=\"wp-block-heading\">Impacto do Sal\u00e1rio M\u00ednimo<\/h4>\n\n\n\n<ul class=\"wp-block-list\">\n<li><strong>2023<\/strong>: O sal\u00e1rio m\u00ednimo era R$ 1.320,00, resultando em uma contribui\u00e7\u00e3o de INSS pr\u00f3-labore de R$ 145,20 mensais.<\/li>\n\n\n\n<li><strong>2024<\/strong>: O sal\u00e1rio m\u00ednimo aumentou para R$ 1.412,00, elevando a contribui\u00e7\u00e3o mensal para R$ 155,32. Isso representa um aumento de R$ 10,12.<\/li>\n<\/ul>\n\n\n\n<h4 class=\"wp-block-heading\">Considera\u00e7\u00f5es sobre Valores Superiores ao Sal\u00e1rio M\u00ednimo<\/h4>\n\n\n\n<p>Se o pr\u00f3-labore exceder o m\u00ednimo, a contribui\u00e7\u00e3o ao INSS tamb\u00e9m ser\u00e1 proporcional ao valor pago. Por exemplo:<\/p>\n\n\n\n<ul class=\"wp-block-list\">\n<li>Considerando o teto de recolhimento do INSS para 2024, que \u00e9 R$ 7.786,02, a contribui\u00e7\u00e3o retida seria R$ 856,46.<\/li>\n\n\n\n<li>Em 2023, o teto era R$ 7.507,49, com uma contribui\u00e7\u00e3o de R$ 825,82.<\/li>\n<\/ul>\n\n\n\n<p>Esses ajustes garantem que a contribui\u00e7\u00e3o previdenci\u00e1ria acompanhe as mudan\u00e7as no sal\u00e1rio m\u00ednimo, mantendo a propor\u00e7\u00e3o necess\u00e1ria de contribui\u00e7\u00e3o para os benef\u00edcios sociais e previdenci\u00e1rios.<\/p>\n\n\n\n<h3 class=\"wp-block-heading\">Como n\u00e3o errar no recolhimento dos impostos da sua empresa com a Teg Cont<\/h3>\n\n\n\n<p>Abrir uma empresa envolve a assimila\u00e7\u00e3o de diversos detalhes e informa\u00e7\u00f5es. Para evitar erros no recolhimento de impostos, \u00e9 recomend\u00e1vel contar com o apoio de um profissional cont\u00e1bil desde o in\u00edcio.<\/p>\n\n\n\n<p>J\u00e1 tem um contador? A Teg Cont oferece um guia completo sobre como realizar a troca de contador de forma eficiente.<\/p>\n\n\n\n<p>Embora n\u00e3o seja necess\u00e1rio contratar um contador para abrir uma empresa, exceto se voc\u00ea for um Microempreendedor Individual (MEI), \u00e9 essencial ter um escrit\u00f3rio de contabilidade para validar suas contas e tributos mensalmente.<\/p>\n\n\n\n<p>Dado essa necessidade, por que n\u00e3o aproveitar a experi\u00eancia de um contador desde a abertura e durante todas as atividades fiscais do seu neg\u00f3cio?<\/p>\n\n\n\n<p>A Teg Cont oferece servi\u00e7os cont\u00e1beis completos e suporte especializado, permitindo que voc\u00ea gerencie suas obriga\u00e7\u00f5es fiscais com seguran\u00e7a e sem sair de casa ou do escrit\u00f3rio.<\/p>\n\n\n\n<p>Deseja saber mais sobre como a Teg Cont pode ajudar o seu neg\u00f3cio? Visite o site da Teg Cont e descubra!<\/p>\n","protected":false},"excerpt":{"rendered":"<p>Em 2024, o valor do INSS sobre o pr\u00f3-labore passou por altera\u00e7\u00f5es devido ao reajuste do sal\u00e1rio m\u00ednimo no Brasil. Apesar de o percentual de &#8230;. <\/p>\n","protected":false},"author":1,"featured_media":156,"comment_status":"open","ping_status":"open","sticky":false,"template":"","format":"standard","meta":{"footnotes":""},"categories":[12,3],"tags":[11,5,50,51],"class_list":["post-149","post","type-post","status-publish","format-standard","has-post-thumbnail","hentry","category-digital","category-empresarios","tag-financas","tag-financeiro","tag-inss","tag-pro-labore"],"_links":{"self":[{"href":"https:\/\/www.tegcont.com.br\/blog\/wp-json\/wp\/v2\/posts\/149","targetHints":{"allow":["GET"]}}],"collection":[{"href":"https:\/\/www.tegcont.com.br\/blog\/wp-json\/wp\/v2\/posts"}],"about":[{"href":"https:\/\/www.tegcont.com.br\/blog\/wp-json\/wp\/v2\/types\/post"}],"author":[{"embeddable":true,"href":"https:\/\/www.tegcont.com.br\/blog\/wp-json\/wp\/v2\/users\/1"}],"replies":[{"embeddable":true,"href":"https:\/\/www.tegcont.com.br\/blog\/wp-json\/wp\/v2\/comments?post=149"}],"version-history":[{"count":1,"href":"https:\/\/www.tegcont.com.br\/blog\/wp-json\/wp\/v2\/posts\/149\/revisions"}],"predecessor-version":[{"id":153,"href":"https:\/\/www.tegcont.com.br\/blog\/wp-json\/wp\/v2\/posts\/149\/revisions\/153"}],"wp:featuredmedia":[{"embeddable":true,"href":"https:\/\/www.tegcont.com.br\/blog\/wp-json\/wp\/v2\/media\/156"}],"wp:attachment":[{"href":"https:\/\/www.tegcont.com.br\/blog\/wp-json\/wp\/v2\/media?parent=149"}],"wp:term":[{"taxonomy":"category","embeddable":true,"href":"https:\/\/www.tegcont.com.br\/blog\/wp-json\/wp\/v2\/categories?post=149"},{"taxonomy":"post_tag","embeddable":true,"href":"https:\/\/www.tegcont.com.br\/blog\/wp-json\/wp\/v2\/tags?post=149"}],"curies":[{"name":"wp","href":"https:\/\/api.w.org\/{rel}","templated":true}]}}